{"id":2679,"date":"2024-01-07T22:44:01","date_gmt":"2024-01-07T19:44:01","guid":{"rendered":"https:\/\/helid.org.tr\/en\/?p=2679"},"modified":"2024-01-08T01:47:30","modified_gmt":"2024-01-07T22:47:30","slug":"leadership-and-women","status":"publish","type":"post","link":"https:\/\/helid.org.tr\/en\/?p=2679","title":{"rendered":"Leadership and Women"},"content":{"rendered":"\n<p>&#8220;On October 9, 2020, Mr. Elif G\u00fcrsoy was the guest on the Brand Women program with Busena \u00c7elik Z\u00fcmb\u00fcl, which was broadcasted on the Eski\u015fehir Net platform.<\/p>\n\n\n\n<figure class=\"wp-block-embed is-type-video is-provider-youtube wp-block-embed-youtube wp-embed-aspect-16-9 wp-has-aspect-ratio\"><div class=\"wp-block-embed__wrapper\">\n<iframe loading=\"lazy\" title=\"Busena \u00c7elik Z\u00fcmb\u00fcl ile Marka Kad\u0131nlar - ESOG\u00dc \u00d6\u011fretim \u00dcyesi Do\u00e7. Dr. Elif G\u00fcrsoy\" width=\"710\" height=\"399\" src=\"https:\/\/www.youtube.com\/embed\/7fIFgFY6Wx8?feature=oembed\" frameborder=\"0\" allow=\"accelerometer; autoplay; clipboard-write; encrypted-media; gyroscope; picture-in-picture; web-share\" allowfullscreen><\/iframe>\n<\/div><\/figure>\n","protected":false},"excerpt":{"rendered":"<p>&#8220;On October 9, 2020, Mr. Elif G\u00fcrsoy was the guest on the Brand Women program with Busena \u00c7elik Z\u00fcmb\u00fcl, which was broadcasted on the Eski\u015fehir Net platform.<\/p>\n","protected":false},"author":907,"featured_media":2647,"comment_status":"closed","ping_status":"open","sticky":false,"template":"","format":"standard","meta":{"_eb_attr":"","footnotes":""},"categories":[7],"tags":[853,856,850],"class_list":["post-2679","post","type-post","status-publish","format-standard","has-post-thumbnail","hentry","category-video-gallery","tag-helid","tag-leadership-and-women","tag-occupational-leadership"],"yoast_head":"<!-- This site is optimized with the Yoast SEO plugin v22.3 - https:\/\/yoast.com\/wordpress\/plugins\/seo\/ -->\n<title>Leadership and Women | Association of Leadership in Nursing<\/title>\n<meta name=\"robots\" content=\"index, follow, max-snippet:-1, max-image-preview:large, max-video-preview:-1\" \/>\n<link rel=\"canonical\" href=\"https:\/\/helid.org.tr\/en\/?p=2679\" \/>\n<meta property=\"og:locale\" content=\"tr_TR\" \/>\n<meta property=\"og:type\" content=\"article\" \/>\n<meta property=\"og:title\" content=\"Leadership and Women | Association of Leadership in Nursing\" \/>\n<meta property=\"og:description\" content=\"&#8220;On October 9, 2020, Mr. Elif G\u00fcrsoy was the guest on the Brand Women program with Busena \u00c7elik Z\u00fcmb\u00fcl, which was broadcasted on the Eski\u015fehir Net platform.\" \/>\n<meta property=\"og:url\" content=\"https:\/\/helid.org.tr\/en\/?p=2679\" \/>\n<meta property=\"og:site_name\" content=\"Association of Leadership in Nursing\" \/>\n<meta property=\"article:publisher\" content=\"https:\/\/www.facebook.com\/groups\/956807977762546\" \/>\n<meta property=\"article:published_time\" content=\"2024-01-07T19:44:01+00:00\" \/>\n<meta property=\"article:modified_time\" content=\"2024-01-07T22:47:30+00:00\" \/>\n<meta property=\"og:image\" content=\"https:\/\/helid.org.tr\/en\/wp-content\/uploads\/2024\/01\/markakadinlar-1.jpg\" \/>\n\t<meta property=\"og:image:width\" content=\"1920\" \/>\n\t<meta property=\"og:image:height\" content=\"1080\" \/>\n\t<meta property=\"og:image:type\" content=\"image\/jpeg\" \/>\n<meta name=\"author\" content=\"Nursing Leadership Association\" \/>\n<meta name=\"twitter:card\" content=\"summary_large_image\" \/>\n<meta name=\"twitter:creator\" content=\"@liderhemsireler\" \/>\n<meta name=\"twitter:site\" content=\"@liderhemsireler\" \/>\n<meta name=\"twitter:label1\" content=\"Yazan:\" \/>\n\t<meta name=\"twitter:data1\" content=\"Nursing Leadership Association\" \/>\n<script type=\"application\/ld+json\" class=\"yoast-schema-graph\">{\"@context\":\"https:\/\/schema.org\",\"@graph\":[{\"@type\":\"Article\",\"@id\":\"https:\/\/helid.org.tr\/en\/?p=2679#article\",\"isPartOf\":{\"@id\":\"https:\/\/helid.org.tr\/en\/?p=2679\"},\"author\":{\"name\":\"Nursing Leadership Association\",\"@id\":\"https:\/\/helid.org.tr\/en\/#\/schema\/person\/17a2f6b38251807e456222d99b2f53bb\"},\"headline\":\"Leadership and Women\",\"datePublished\":\"2024-01-07T19:44:01+00:00\",\"dateModified\":\"2024-01-07T22:47:30+00:00\",\"mainEntityOfPage\":{\"@id\":\"https:\/\/helid.org.tr\/en\/?p=2679\"},\"wordCount\":37,\"publisher\":{\"@id\":\"https:\/\/helid.org.tr\/en\/#organization\"},\"image\":{\"@id\":\"https:\/\/helid.org.tr\/en\/?p=2679#primaryimage\"},\"thumbnailUrl\":\"https:\/\/helid.org.tr\/en\/wp-content\/uploads\/2024\/01\/markakadinlar-1.jpg\",\"keywords\":[\"helid\",\"leadership and women\",\"occupational Leadership\"],\"articleSection\":[\"Video Gallery\"],\"inLanguage\":\"tr\"},{\"@type\":\"WebPage\",\"@id\":\"https:\/\/helid.org.tr\/en\/?p=2679\",\"url\":\"https:\/\/helid.org.tr\/en\/?p=2679\",\"name\":\"Leadership and Women | Association of Leadership in Nursing\",\"isPartOf\":{\"@id\":\"https:\/\/helid.org.tr\/en\/#website\"},\"primaryImageOfPage\":{\"@id\":\"https:\/\/helid.org.tr\/en\/?p=2679#primaryimage\"},\"image\":{\"@id\":\"https:\/\/helid.org.tr\/en\/?p=2679#primaryimage\"},\"thumbnailUrl\":\"https:\/\/helid.org.tr\/en\/wp-content\/uploads\/2024\/01\/markakadinlar-1.jpg\",\"datePublished\":\"2024-01-07T19:44:01+00:00\",\"dateModified\":\"2024-01-07T22:47:30+00:00\",\"breadcrumb\":{\"@id\":\"https:\/\/helid.org.tr\/en\/?p=2679#breadcrumb\"},\"inLanguage\":\"tr\",\"potentialAction\":[{\"@type\":\"ReadAction\",\"target\":[\"https:\/\/helid.org.tr\/en\/?p=2679\"]}]},{\"@type\":\"ImageObject\",\"inLanguage\":\"tr\",\"@id\":\"https:\/\/helid.org.tr\/en\/?p=2679#primaryimage\",\"url\":\"https:\/\/helid.org.tr\/en\/wp-content\/uploads\/2024\/01\/markakadinlar-1.jpg\",\"contentUrl\":\"https:\/\/helid.org.tr\/en\/wp-content\/uploads\/2024\/01\/markakadinlar-1.jpg\",\"width\":1920,\"height\":1080},{\"@type\":\"BreadcrumbList\",\"@id\":\"https:\/\/helid.org.tr\/en\/?p=2679#breadcrumb\",\"itemListElement\":[{\"@type\":\"ListItem\",\"position\":1,\"name\":\"Anasayfa\",\"item\":\"https:\/\/helid.org.tr\/en\"},{\"@type\":\"ListItem\",\"position\":2,\"name\":\"Leadership and Women\"}]},{\"@type\":\"WebSite\",\"@id\":\"https:\/\/helid.org.tr\/en\/#website\",\"url\":\"https:\/\/helid.org.tr\/en\/\",\"name\":\"Association of Leadership in Nursing\",\"description\":\"Take Action, Lead!\",\"publisher\":{\"@id\":\"https:\/\/helid.org.tr\/en\/#organization\"},\"potentialAction\":[{\"@type\":\"SearchAction\",\"target\":{\"@type\":\"EntryPoint\",\"urlTemplate\":\"https:\/\/helid.org.tr\/en\/?s={search_term_string}\"},\"query-input\":\"required name=search_term_string\"}],\"inLanguage\":\"tr\"},{\"@type\":\"Organization\",\"@id\":\"https:\/\/helid.org.tr\/en\/#organization\",\"name\":\"Association of Leadership in Nursing\",\"url\":\"https:\/\/helid.org.tr\/en\/\",\"logo\":{\"@type\":\"ImageObject\",\"inLanguage\":\"tr\",\"@id\":\"https:\/\/helid.org.tr\/en\/#\/schema\/logo\/image\/\",\"url\":\"https:\/\/helid.org.tr\/en\/wp-content\/uploads\/2024\/01\/logo-2.png\",\"contentUrl\":\"https:\/\/helid.org.tr\/en\/wp-content\/uploads\/2024\/01\/logo-2.png\",\"width\":912,\"height\":912,\"caption\":\"Association of Leadership in Nursing\"},\"image\":{\"@id\":\"https:\/\/helid.org.tr\/en\/#\/schema\/logo\/image\/\"},\"sameAs\":[\"https:\/\/www.facebook.com\/groups\/956807977762546\",\"https:\/\/twitter.com\/liderhemsireler\",\"https:\/\/www.instagram.com\/hemsirelikteliderlikdernegi\/\",\"https:\/\/www.linkedin.com\/in\/liderhemsireler\/\",\"https:\/\/www.youtube.com\/channel\/UCg0nLBZGsK60pvh9fslY58Q\"]},{\"@type\":\"Person\",\"@id\":\"https:\/\/helid.org.tr\/en\/#\/schema\/person\/17a2f6b38251807e456222d99b2f53bb\",\"name\":\"Nursing Leadership Association\",\"image\":{\"@type\":\"ImageObject\",\"inLanguage\":\"tr\",\"@id\":\"https:\/\/helid.org.tr\/en\/#\/schema\/person\/image\/\",\"url\":\"https:\/\/secure.gravatar.com\/avatar\/a6b2480068cffab69a1983df941acba86408758f764d0360e0f3e5fc3ee6d9cf?s=96&d=mm&r=g\",\"contentUrl\":\"https:\/\/secure.gravatar.com\/avatar\/a6b2480068cffab69a1983df941acba86408758f764d0360e0f3e5fc3ee6d9cf?s=96&d=mm&r=g\",\"caption\":\"Nursing Leadership Association\"},\"url\":\"https:\/\/helid.org.tr\/en\/?author=907\"}]}<\/script>\n<!-- \/ Yoast SEO plugin. -->","yoast_head_json":{"title":"Leadership and Women | Association of Leadership in Nursing","robots":{"index":"index","follow":"follow","max-snippet":"max-snippet:-1","max-image-preview":"max-image-preview:large","max-video-preview":"max-video-preview:-1"},"canonical":"https:\/\/helid.org.tr\/en\/?p=2679","og_locale":"tr_TR","og_type":"article","og_title":"Leadership and Women | Association of Leadership in Nursing","og_description":"&#8220;On October 9, 2020, Mr. Elif G\u00fcrsoy was the guest on the Brand Women program with Busena \u00c7elik Z\u00fcmb\u00fcl, which was broadcasted on the Eski\u015fehir Net platform.","og_url":"https:\/\/helid.org.tr\/en\/?p=2679","og_site_name":"Association of Leadership in Nursing","article_publisher":"https:\/\/www.facebook.com\/groups\/956807977762546","article_published_time":"2024-01-07T19:44:01+00:00","article_modified_time":"2024-01-07T22:47:30+00:00","og_image":[{"width":1920,"height":1080,"url":"https:\/\/helid.org.tr\/en\/wp-content\/uploads\/2024\/01\/markakadinlar-1.jpg","type":"image\/jpeg"}],"author":"Nursing Leadership Association","twitter_card":"summary_large_image","twitter_creator":"@liderhemsireler","twitter_site":"@liderhemsireler","twitter_misc":{"Yazan:":"Nursing Leadership Association"},"schema":{"@context":"https:\/\/schema.org","@graph":[{"@type":"Article","@id":"https:\/\/helid.org.tr\/en\/?p=2679#article","isPartOf":{"@id":"https:\/\/helid.org.tr\/en\/?p=2679"},"author":{"name":"Nursing Leadership Association","@id":"https:\/\/helid.org.tr\/en\/#\/schema\/person\/17a2f6b38251807e456222d99b2f53bb"},"headline":"Leadership and Women","datePublished":"2024-01-07T19:44:01+00:00","dateModified":"2024-01-07T22:47:30+00:00","mainEntityOfPage":{"@id":"https:\/\/helid.org.tr\/en\/?p=2679"},"wordCount":37,"publisher":{"@id":"https:\/\/helid.org.tr\/en\/#organization"},"image":{"@id":"https:\/\/helid.org.tr\/en\/?p=2679#primaryimage"},"thumbnailUrl":"https:\/\/helid.org.tr\/en\/wp-content\/uploads\/2024\/01\/markakadinlar-1.jpg","keywords":["helid","leadership and women","occupational Leadership"],"articleSection":["Video Gallery"],"inLanguage":"tr"},{"@type":"WebPage","@id":"https:\/\/helid.org.tr\/en\/?p=2679","url":"https:\/\/helid.org.tr\/en\/?p=2679","name":"Leadership and Women | Association of Leadership in Nursing","isPartOf":{"@id":"https:\/\/helid.org.tr\/en\/#website"},"primaryImageOfPage":{"@id":"https:\/\/helid.org.tr\/en\/?p=2679#primaryimage"},"image":{"@id":"https:\/\/helid.org.tr\/en\/?p=2679#primaryimage"},"thumbnailUrl":"https:\/\/helid.org.tr\/en\/wp-content\/uploads\/2024\/01\/markakadinlar-1.jpg","datePublished":"2024-01-07T19:44:01+00:00","dateModified":"2024-01-07T22:47:30+00:00","breadcrumb":{"@id":"https:\/\/helid.org.tr\/en\/?p=2679#breadcrumb"},"inLanguage":"tr","potentialAction":[{"@type":"ReadAction","target":["https:\/\/helid.org.tr\/en\/?p=2679"]}]},{"@type":"ImageObject","inLanguage":"tr","@id":"https:\/\/helid.org.tr\/en\/?p=2679#primaryimage","url":"https:\/\/helid.org.tr\/en\/wp-content\/uploads\/2024\/01\/markakadinlar-1.jpg","contentUrl":"https:\/\/helid.org.tr\/en\/wp-content\/uploads\/2024\/01\/markakadinlar-1.jpg","width":1920,"height":1080},{"@type":"BreadcrumbList","@id":"https:\/\/helid.org.tr\/en\/?p=2679#breadcrumb","itemListElement":[{"@type":"ListItem","position":1,"name":"Anasayfa","item":"https:\/\/helid.org.tr\/en"},{"@type":"ListItem","position":2,"name":"Leadership and Women"}]},{"@type":"WebSite","@id":"https:\/\/helid.org.tr\/en\/#website","url":"https:\/\/helid.org.tr\/en\/","name":"Association of Leadership in Nursing","description":"Take Action, Lead!","publisher":{"@id":"https:\/\/helid.org.tr\/en\/#organization"},"potentialAction":[{"@type":"SearchAction","target":{"@type":"EntryPoint","urlTemplate":"https:\/\/helid.org.tr\/en\/?s={search_term_string}"},"query-input":"required name=search_term_string"}],"inLanguage":"tr"},{"@type":"Organization","@id":"https:\/\/helid.org.tr\/en\/#organization","name":"Association of Leadership in Nursing","url":"https:\/\/helid.org.tr\/en\/","logo":{"@type":"ImageObject","inLanguage":"tr","@id":"https:\/\/helid.org.tr\/en\/#\/schema\/logo\/image\/","url":"https:\/\/helid.org.tr\/en\/wp-content\/uploads\/2024\/01\/logo-2.png","contentUrl":"https:\/\/helid.org.tr\/en\/wp-content\/uploads\/2024\/01\/logo-2.png","width":912,"height":912,"caption":"Association of Leadership in Nursing"},"image":{"@id":"https:\/\/helid.org.tr\/en\/#\/schema\/logo\/image\/"},"sameAs":["https:\/\/www.facebook.com\/groups\/956807977762546","https:\/\/twitter.com\/liderhemsireler","https:\/\/www.instagram.com\/hemsirelikteliderlikdernegi\/","https:\/\/www.linkedin.com\/in\/liderhemsireler\/","https:\/\/www.youtube.com\/channel\/UCg0nLBZGsK60pvh9fslY58Q"]},{"@type":"Person","@id":"https:\/\/helid.org.tr\/en\/#\/schema\/person\/17a2f6b38251807e456222d99b2f53bb","name":"Nursing Leadership Association","image":{"@type":"ImageObject","inLanguage":"tr","@id":"https:\/\/helid.org.tr\/en\/#\/schema\/person\/image\/","url":"https:\/\/secure.gravatar.com\/avatar\/a6b2480068cffab69a1983df941acba86408758f764d0360e0f3e5fc3ee6d9cf?s=96&d=mm&r=g","contentUrl":"https:\/\/secure.gravatar.com\/avatar\/a6b2480068cffab69a1983df941acba86408758f764d0360e0f3e5fc3ee6d9cf?s=96&d=mm&r=g","caption":"Nursing Leadership Association"},"url":"https:\/\/helid.org.tr\/en\/?author=907"}]}},"_links":{"self":[{"href":"https:\/\/helid.org.tr\/en\/index.php?rest_route=\/wp\/v2\/posts\/2679","targetHints":{"allow":["GET"]}}],"collection":[{"href":"https:\/\/helid.org.tr\/en\/index.php?rest_route=\/wp\/v2\/posts"}],"about":[{"href":"https:\/\/helid.org.tr\/en\/index.php?rest_route=\/wp\/v2\/types\/post"}],"author":[{"embeddable":true,"href":"https:\/\/helid.org.tr\/en\/index.php?rest_route=\/wp\/v2\/users\/907"}],"replies":[{"embeddable":true,"href":"https:\/\/helid.org.tr\/en\/index.php?rest_route=%2Fwp%2Fv2%2Fcomments&post=2679"}],"version-history":[{"count":1,"href":"https:\/\/helid.org.tr\/en\/index.php?rest_route=\/wp\/v2\/posts\/2679\/revisions"}],"predecessor-version":[{"id":2680,"href":"https:\/\/helid.org.tr\/en\/index.php?rest_route=\/wp\/v2\/posts\/2679\/revisions\/2680"}],"wp:featuredmedia":[{"embeddable":true,"href":"https:\/\/helid.org.tr\/en\/index.php?rest_route=\/wp\/v2\/media\/2647"}],"wp:attachment":[{"href":"https:\/\/helid.org.tr\/en\/index.php?rest_route=%2Fwp%2Fv2%2Fmedia&parent=2679"}],"wp:term":[{"taxonomy":"category","embeddable":true,"href":"https:\/\/helid.org.tr\/en\/index.php?rest_route=%2Fwp%2Fv2%2Fcategories&post=2679"},{"taxonomy":"post_tag","embeddable":true,"href":"https:\/\/helid.org.tr\/en\/index.php?rest_route=%2Fwp%2Fv2%2Ftags&post=2679"}],"curies":[{"name":"wp","href":"https:\/\/api.w.org\/{rel}","templated":true}]}}