{"id":2665,"date":"2024-01-07T02:09:10","date_gmt":"2024-01-06T23:09:10","guid":{"rendered":"https:\/\/helid.org.tr\/en\/?p=2665"},"modified":"2024-01-08T01:47:30","modified_gmt":"2024-01-07T22:47:30","slug":"youth-meetings-1","status":"publish","type":"post","link":"https:\/\/helid.org.tr\/en\/?p=2665","title":{"rendered":"Youth Meetings &#8211; 1"},"content":{"rendered":"<p><a href=\"https:\/\/helid.org.tr\/en\/wp-content\/uploads\/2024\/01\/Adsiz-1.png\"><img loading=\"lazy\" decoding=\"async\" class=\"alignnone size-medium wp-image-2635\" src=\"https:\/\/helid.org.tr\/en\/wp-content\/uploads\/2024\/01\/Adsiz-1-300x300.png\" alt=\"\" width=\"300\" height=\"300\" srcset=\"https:\/\/helid.org.tr\/en\/wp-content\/uploads\/2024\/01\/Adsiz-1-300x300.png 300w, https:\/\/helid.org.tr\/en\/wp-content\/uploads\/2024\/01\/Adsiz-1-150x150.png 150w\" sizes=\"auto, (max-width: 300px) 100vw, 300px\" \/><\/a><\/p>\n<p>We are at the Youth Meetings organized by Eski\u015fehir Tepeba\u015f\u0131 Municipality on April 3, 2023. Ms. Elif G\u00dcRSOY has made valuable contributions with their speech on &#8216;Youth and Leadership.&#8217; You can access the news about the event from here. <a href=\"https:\/\/www.tepebasi.bel.tr\/hd.asp?hid=12087\">Click here<\/a> to view the gallery related to the event.<\/p>\n","protected":false},"excerpt":{"rendered":"<p>We are at the Youth Meetings organized by Eski\u015fehir Tepeba\u015f\u0131 Municipality on April 3, 2023. Ms. Elif G\u00dcRSOY has made valuable contributions with their speech on &#8216;Youth and Leadership.&#8217; You can access the news about the event from here. Click here to view the gallery related to the event.<\/p>\n","protected":false},"author":907,"featured_media":2635,"comment_status":"closed","ping_status":"open","sticky":false,"template":"","format":"standard","meta":{"_eb_attr":"","footnotes":""},"categories":[1],"tags":[],"class_list":["post-2665","post","type-post","status-publish","format-standard","has-post-thumbnail","hentry","category-completed-events"],"yoast_head":"<!-- This site is optimized with the Yoast SEO plugin v22.3 - https:\/\/yoast.com\/wordpress\/plugins\/seo\/ -->\n<title>Youth Meetings - 1 | Association of Leadership in Nursing<\/title>\n<meta name=\"robots\" content=\"index, follow, max-snippet:-1, max-image-preview:large, max-video-preview:-1\" \/>\n<link rel=\"canonical\" href=\"https:\/\/helid.org.tr\/en\/?p=2665\" \/>\n<meta property=\"og:locale\" content=\"tr_TR\" \/>\n<meta property=\"og:type\" content=\"article\" \/>\n<meta property=\"og:title\" content=\"Youth Meetings - 1 | Association of Leadership in Nursing\" \/>\n<meta property=\"og:description\" content=\"We are at the Youth Meetings organized by Eski\u015fehir Tepeba\u015f\u0131 Municipality on April 3, 2023. Ms. Elif G\u00dcRSOY has made valuable contributions with their speech on &#8216;Youth and Leadership.&#8217; You can access the news about the event from here. Click here to view the gallery related to the event.\" \/>\n<meta property=\"og:url\" content=\"https:\/\/helid.org.tr\/en\/?p=2665\" \/>\n<meta property=\"og:site_name\" content=\"Association of Leadership in Nursing\" \/>\n<meta property=\"article:publisher\" content=\"https:\/\/www.facebook.com\/groups\/956807977762546\" \/>\n<meta property=\"article:published_time\" content=\"2024-01-06T23:09:10+00:00\" \/>\n<meta property=\"article:modified_time\" content=\"2024-01-07T22:47:30+00:00\" \/>\n<meta property=\"og:image\" content=\"https:\/\/helid.org.tr\/en\/wp-content\/uploads\/2024\/01\/Adsiz-1.png\" \/>\n\t<meta property=\"og:image:width\" content=\"599\" \/>\n\t<meta property=\"og:image:height\" content=\"602\" \/>\n\t<meta property=\"og:image:type\" content=\"image\/png\" \/>\n<meta name=\"author\" content=\"Nursing Leadership Association\" \/>\n<meta name=\"twitter:card\" content=\"summary_large_image\" \/>\n<meta name=\"twitter:creator\" content=\"@liderhemsireler\" \/>\n<meta name=\"twitter:site\" content=\"@liderhemsireler\" \/>\n<meta name=\"twitter:label1\" content=\"Yazan:\" \/>\n\t<meta name=\"twitter:data1\" content=\"Nursing Leadership Association\" \/>\n<script type=\"application\/ld+json\" class=\"yoast-schema-graph\">{\"@context\":\"https:\/\/schema.org\",\"@graph\":[{\"@type\":\"Article\",\"@id\":\"https:\/\/helid.org.tr\/en\/?p=2665#article\",\"isPartOf\":{\"@id\":\"https:\/\/helid.org.tr\/en\/?p=2665\"},\"author\":{\"name\":\"Nursing Leadership Association\",\"@id\":\"https:\/\/helid.org.tr\/en\/#\/schema\/person\/17a2f6b38251807e456222d99b2f53bb\"},\"headline\":\"Youth Meetings &#8211; 1\",\"datePublished\":\"2024-01-06T23:09:10+00:00\",\"dateModified\":\"2024-01-07T22:47:30+00:00\",\"mainEntityOfPage\":{\"@id\":\"https:\/\/helid.org.tr\/en\/?p=2665\"},\"wordCount\":52,\"publisher\":{\"@id\":\"https:\/\/helid.org.tr\/en\/#organization\"},\"image\":{\"@id\":\"https:\/\/helid.org.tr\/en\/?p=2665#primaryimage\"},\"thumbnailUrl\":\"https:\/\/helid.org.tr\/en\/wp-content\/uploads\/2024\/01\/Adsiz-1.png\",\"articleSection\":[\"Completed events\"],\"inLanguage\":\"tr\"},{\"@type\":\"WebPage\",\"@id\":\"https:\/\/helid.org.tr\/en\/?p=2665\",\"url\":\"https:\/\/helid.org.tr\/en\/?p=2665\",\"name\":\"Youth Meetings - 1 | Association of Leadership in Nursing\",\"isPartOf\":{\"@id\":\"https:\/\/helid.org.tr\/en\/#website\"},\"primaryImageOfPage\":{\"@id\":\"https:\/\/helid.org.tr\/en\/?p=2665#primaryimage\"},\"image\":{\"@id\":\"https:\/\/helid.org.tr\/en\/?p=2665#primaryimage\"},\"thumbnailUrl\":\"https:\/\/helid.org.tr\/en\/wp-content\/uploads\/2024\/01\/Adsiz-1.png\",\"datePublished\":\"2024-01-06T23:09:10+00:00\",\"dateModified\":\"2024-01-07T22:47:30+00:00\",\"breadcrumb\":{\"@id\":\"https:\/\/helid.org.tr\/en\/?p=2665#breadcrumb\"},\"inLanguage\":\"tr\",\"potentialAction\":[{\"@type\":\"ReadAction\",\"target\":[\"https:\/\/helid.org.tr\/en\/?p=2665\"]}]},{\"@type\":\"ImageObject\",\"inLanguage\":\"tr\",\"@id\":\"https:\/\/helid.org.tr\/en\/?p=2665#primaryimage\",\"url\":\"https:\/\/helid.org.tr\/en\/wp-content\/uploads\/2024\/01\/Adsiz-1.png\",\"contentUrl\":\"https:\/\/helid.org.tr\/en\/wp-content\/uploads\/2024\/01\/Adsiz-1.png\",\"width\":599,\"height\":602},{\"@type\":\"BreadcrumbList\",\"@id\":\"https:\/\/helid.org.tr\/en\/?p=2665#breadcrumb\",\"itemListElement\":[{\"@type\":\"ListItem\",\"position\":1,\"name\":\"Anasayfa\",\"item\":\"https:\/\/helid.org.tr\/en\"},{\"@type\":\"ListItem\",\"position\":2,\"name\":\"Youth Meetings &#8211; 1\"}]},{\"@type\":\"WebSite\",\"@id\":\"https:\/\/helid.org.tr\/en\/#website\",\"url\":\"https:\/\/helid.org.tr\/en\/\",\"name\":\"Association of Leadership in Nursing\",\"description\":\"Take Action, Lead!\",\"publisher\":{\"@id\":\"https:\/\/helid.org.tr\/en\/#organization\"},\"potentialAction\":[{\"@type\":\"SearchAction\",\"target\":{\"@type\":\"EntryPoint\",\"urlTemplate\":\"https:\/\/helid.org.tr\/en\/?s={search_term_string}\"},\"query-input\":\"required name=search_term_string\"}],\"inLanguage\":\"tr\"},{\"@type\":\"Organization\",\"@id\":\"https:\/\/helid.org.tr\/en\/#organization\",\"name\":\"Association of Leadership in Nursing\",\"url\":\"https:\/\/helid.org.tr\/en\/\",\"logo\":{\"@type\":\"ImageObject\",\"inLanguage\":\"tr\",\"@id\":\"https:\/\/helid.org.tr\/en\/#\/schema\/logo\/image\/\",\"url\":\"https:\/\/helid.org.tr\/en\/wp-content\/uploads\/2024\/01\/logo-2.png\",\"contentUrl\":\"https:\/\/helid.org.tr\/en\/wp-content\/uploads\/2024\/01\/logo-2.png\",\"width\":912,\"height\":912,\"caption\":\"Association of Leadership in Nursing\"},\"image\":{\"@id\":\"https:\/\/helid.org.tr\/en\/#\/schema\/logo\/image\/\"},\"sameAs\":[\"https:\/\/www.facebook.com\/groups\/956807977762546\",\"https:\/\/twitter.com\/liderhemsireler\",\"https:\/\/www.instagram.com\/hemsirelikteliderlikdernegi\/\",\"https:\/\/www.linkedin.com\/in\/liderhemsireler\/\",\"https:\/\/www.youtube.com\/channel\/UCg0nLBZGsK60pvh9fslY58Q\"]},{\"@type\":\"Person\",\"@id\":\"https:\/\/helid.org.tr\/en\/#\/schema\/person\/17a2f6b38251807e456222d99b2f53bb\",\"name\":\"Nursing Leadership Association\",\"image\":{\"@type\":\"ImageObject\",\"inLanguage\":\"tr\",\"@id\":\"https:\/\/helid.org.tr\/en\/#\/schema\/person\/image\/\",\"url\":\"https:\/\/secure.gravatar.com\/avatar\/a6b2480068cffab69a1983df941acba86408758f764d0360e0f3e5fc3ee6d9cf?s=96&d=mm&r=g\",\"contentUrl\":\"https:\/\/secure.gravatar.com\/avatar\/a6b2480068cffab69a1983df941acba86408758f764d0360e0f3e5fc3ee6d9cf?s=96&d=mm&r=g\",\"caption\":\"Nursing Leadership Association\"},\"url\":\"https:\/\/helid.org.tr\/en\/?author=907\"}]}<\/script>\n<!-- \/ Yoast SEO plugin. -->","yoast_head_json":{"title":"Youth Meetings - 1 | Association of Leadership in Nursing","robots":{"index":"index","follow":"follow","max-snippet":"max-snippet:-1","max-image-preview":"max-image-preview:large","max-video-preview":"max-video-preview:-1"},"canonical":"https:\/\/helid.org.tr\/en\/?p=2665","og_locale":"tr_TR","og_type":"article","og_title":"Youth Meetings - 1 | Association of Leadership in Nursing","og_description":"We are at the Youth Meetings organized by Eski\u015fehir Tepeba\u015f\u0131 Municipality on April 3, 2023. Ms. Elif G\u00dcRSOY has made valuable contributions with their speech on &#8216;Youth and Leadership.&#8217; You can access the news about the event from here. Click here to view the gallery related to the event.","og_url":"https:\/\/helid.org.tr\/en\/?p=2665","og_site_name":"Association of Leadership in Nursing","article_publisher":"https:\/\/www.facebook.com\/groups\/956807977762546","article_published_time":"2024-01-06T23:09:10+00:00","article_modified_time":"2024-01-07T22:47:30+00:00","og_image":[{"width":599,"height":602,"url":"https:\/\/helid.org.tr\/en\/wp-content\/uploads\/2024\/01\/Adsiz-1.png","type":"image\/png"}],"author":"Nursing Leadership Association","twitter_card":"summary_large_image","twitter_creator":"@liderhemsireler","twitter_site":"@liderhemsireler","twitter_misc":{"Yazan:":"Nursing Leadership Association"},"schema":{"@context":"https:\/\/schema.org","@graph":[{"@type":"Article","@id":"https:\/\/helid.org.tr\/en\/?p=2665#article","isPartOf":{"@id":"https:\/\/helid.org.tr\/en\/?p=2665"},"author":{"name":"Nursing Leadership Association","@id":"https:\/\/helid.org.tr\/en\/#\/schema\/person\/17a2f6b38251807e456222d99b2f53bb"},"headline":"Youth Meetings &#8211; 1","datePublished":"2024-01-06T23:09:10+00:00","dateModified":"2024-01-07T22:47:30+00:00","mainEntityOfPage":{"@id":"https:\/\/helid.org.tr\/en\/?p=2665"},"wordCount":52,"publisher":{"@id":"https:\/\/helid.org.tr\/en\/#organization"},"image":{"@id":"https:\/\/helid.org.tr\/en\/?p=2665#primaryimage"},"thumbnailUrl":"https:\/\/helid.org.tr\/en\/wp-content\/uploads\/2024\/01\/Adsiz-1.png","articleSection":["Completed events"],"inLanguage":"tr"},{"@type":"WebPage","@id":"https:\/\/helid.org.tr\/en\/?p=2665","url":"https:\/\/helid.org.tr\/en\/?p=2665","name":"Youth Meetings - 1 | Association of Leadership in Nursing","isPartOf":{"@id":"https:\/\/helid.org.tr\/en\/#website"},"primaryImageOfPage":{"@id":"https:\/\/helid.org.tr\/en\/?p=2665#primaryimage"},"image":{"@id":"https:\/\/helid.org.tr\/en\/?p=2665#primaryimage"},"thumbnailUrl":"https:\/\/helid.org.tr\/en\/wp-content\/uploads\/2024\/01\/Adsiz-1.png","datePublished":"2024-01-06T23:09:10+00:00","dateModified":"2024-01-07T22:47:30+00:00","breadcrumb":{"@id":"https:\/\/helid.org.tr\/en\/?p=2665#breadcrumb"},"inLanguage":"tr","potentialAction":[{"@type":"ReadAction","target":["https:\/\/helid.org.tr\/en\/?p=2665"]}]},{"@type":"ImageObject","inLanguage":"tr","@id":"https:\/\/helid.org.tr\/en\/?p=2665#primaryimage","url":"https:\/\/helid.org.tr\/en\/wp-content\/uploads\/2024\/01\/Adsiz-1.png","contentUrl":"https:\/\/helid.org.tr\/en\/wp-content\/uploads\/2024\/01\/Adsiz-1.png","width":599,"height":602},{"@type":"BreadcrumbList","@id":"https:\/\/helid.org.tr\/en\/?p=2665#breadcrumb","itemListElement":[{"@type":"ListItem","position":1,"name":"Anasayfa","item":"https:\/\/helid.org.tr\/en"},{"@type":"ListItem","position":2,"name":"Youth Meetings &#8211; 1"}]},{"@type":"WebSite","@id":"https:\/\/helid.org.tr\/en\/#website","url":"https:\/\/helid.org.tr\/en\/","name":"Association of Leadership in Nursing","description":"Take Action, Lead!","publisher":{"@id":"https:\/\/helid.org.tr\/en\/#organization"},"potentialAction":[{"@type":"SearchAction","target":{"@type":"EntryPoint","urlTemplate":"https:\/\/helid.org.tr\/en\/?s={search_term_string}"},"query-input":"required name=search_term_string"}],"inLanguage":"tr"},{"@type":"Organization","@id":"https:\/\/helid.org.tr\/en\/#organization","name":"Association of Leadership in Nursing","url":"https:\/\/helid.org.tr\/en\/","logo":{"@type":"ImageObject","inLanguage":"tr","@id":"https:\/\/helid.org.tr\/en\/#\/schema\/logo\/image\/","url":"https:\/\/helid.org.tr\/en\/wp-content\/uploads\/2024\/01\/logo-2.png","contentUrl":"https:\/\/helid.org.tr\/en\/wp-content\/uploads\/2024\/01\/logo-2.png","width":912,"height":912,"caption":"Association of Leadership in Nursing"},"image":{"@id":"https:\/\/helid.org.tr\/en\/#\/schema\/logo\/image\/"},"sameAs":["https:\/\/www.facebook.com\/groups\/956807977762546","https:\/\/twitter.com\/liderhemsireler","https:\/\/www.instagram.com\/hemsirelikteliderlikdernegi\/","https:\/\/www.linkedin.com\/in\/liderhemsireler\/","https:\/\/www.youtube.com\/channel\/UCg0nLBZGsK60pvh9fslY58Q"]},{"@type":"Person","@id":"https:\/\/helid.org.tr\/en\/#\/schema\/person\/17a2f6b38251807e456222d99b2f53bb","name":"Nursing Leadership Association","image":{"@type":"ImageObject","inLanguage":"tr","@id":"https:\/\/helid.org.tr\/en\/#\/schema\/person\/image\/","url":"https:\/\/secure.gravatar.com\/avatar\/a6b2480068cffab69a1983df941acba86408758f764d0360e0f3e5fc3ee6d9cf?s=96&d=mm&r=g","contentUrl":"https:\/\/secure.gravatar.com\/avatar\/a6b2480068cffab69a1983df941acba86408758f764d0360e0f3e5fc3ee6d9cf?s=96&d=mm&r=g","caption":"Nursing Leadership Association"},"url":"https:\/\/helid.org.tr\/en\/?author=907"}]}},"_links":{"self":[{"href":"https:\/\/helid.org.tr\/en\/index.php?rest_route=\/wp\/v2\/posts\/2665","targetHints":{"allow":["GET"]}}],"collection":[{"href":"https:\/\/helid.org.tr\/en\/index.php?rest_route=\/wp\/v2\/posts"}],"about":[{"href":"https:\/\/helid.org.tr\/en\/index.php?rest_route=\/wp\/v2\/types\/post"}],"author":[{"embeddable":true,"href":"https:\/\/helid.org.tr\/en\/index.php?rest_route=\/wp\/v2\/users\/907"}],"replies":[{"embeddable":true,"href":"https:\/\/helid.org.tr\/en\/index.php?rest_route=%2Fwp%2Fv2%2Fcomments&post=2665"}],"version-history":[{"count":1,"href":"https:\/\/helid.org.tr\/en\/index.php?rest_route=\/wp\/v2\/posts\/2665\/revisions"}],"predecessor-version":[{"id":2666,"href":"https:\/\/helid.org.tr\/en\/index.php?rest_route=\/wp\/v2\/posts\/2665\/revisions\/2666"}],"wp:featuredmedia":[{"embeddable":true,"href":"https:\/\/helid.org.tr\/en\/index.php?rest_route=\/wp\/v2\/media\/2635"}],"wp:attachment":[{"href":"https:\/\/helid.org.tr\/en\/index.php?rest_route=%2Fwp%2Fv2%2Fmedia&parent=2665"}],"wp:term":[{"taxonomy":"category","embeddable":true,"href":"https:\/\/helid.org.tr\/en\/index.php?rest_route=%2Fwp%2Fv2%2Fcategories&post=2665"},{"taxonomy":"post_tag","embeddable":true,"href":"https:\/\/helid.org.tr\/en\/index.php?rest_route=%2Fwp%2Fv2%2Ftags&post=2665"}],"curies":[{"name":"wp","href":"https:\/\/api.w.org\/{rel}","templated":true}]}}