{"id":2621,"date":"2024-01-07T01:52:56","date_gmt":"2024-01-06T22:52:56","guid":{"rendered":"https:\/\/helid.org.tr\/en\/?p=2621"},"modified":"2024-01-08T01:47:30","modified_gmt":"2024-01-07T22:47:30","slug":"the-nursing-leadership-association-speech-by-prof-dr-elif-gursoy-at-the-rally-held-in-ankara-anitpark","status":"publish","type":"post","link":"https:\/\/helid.org.tr\/en\/?p=2621","title":{"rendered":"The Nursing Leadership Association &#8211; Speech by Prof. Dr. Elif G\u00dcRSOY at the rally held in Ankara An\u0131tpark"},"content":{"rendered":"\n<figure class=\"wp-block-embed is-type-video is-provider-youtube wp-block-embed-youtube wp-embed-aspect-16-9 wp-has-aspect-ratio\"><div class=\"wp-block-embed__wrapper\">\n<iframe loading=\"lazy\" title=\"Hem\u015firelikte Liderlik Derne\u011fi-Prof.Dr. Elif G\u00dcRSOY - Ankara An\u0131tpark\u2019ta ger\u00e7ekle\u015fen miting konu\u015fmas\u0131\" width=\"710\" height=\"399\" src=\"https:\/\/www.youtube.com\/embed\/rjPhTEFDhTM?feature=oembed\" frameborder=\"0\" allow=\"accelerometer; autoplay; clipboard-write; encrypted-media; gyroscope; picture-in-picture; web-share\" allowfullscreen><\/iframe>\n<\/div><\/figure>\n","protected":false},"excerpt":{"rendered":"","protected":false},"author":907,"featured_media":2628,"comment_status":"closed","ping_status":"open","sticky":false,"template":"","format":"standard","meta":{"_eb_attr":"","footnotes":""},"categories":[7],"tags":[],"class_list":["post-2621","post","type-post","status-publish","format-standard","has-post-thumbnail","hentry","category-video-gallery"],"yoast_head":"<!-- This site is optimized with the Yoast SEO plugin v22.3 - https:\/\/yoast.com\/wordpress\/plugins\/seo\/ -->\n<title>The Nursing Leadership Association - Speech by Prof. Dr. Elif G\u00dcRSOY at the rally held in Ankara An\u0131tpark | Association of Leadership in Nursing<\/title>\n<meta name=\"robots\" content=\"index, follow, max-snippet:-1, max-image-preview:large, max-video-preview:-1\" \/>\n<link rel=\"canonical\" href=\"https:\/\/helid.org.tr\/en\/?p=2621\" \/>\n<meta property=\"og:locale\" content=\"tr_TR\" \/>\n<meta property=\"og:type\" content=\"article\" \/>\n<meta property=\"og:title\" content=\"The Nursing Leadership Association - Speech by Prof. Dr. Elif G\u00dcRSOY at the rally held in Ankara An\u0131tpark | Association of Leadership in Nursing\" \/>\n<meta property=\"og:url\" content=\"https:\/\/helid.org.tr\/en\/?p=2621\" \/>\n<meta property=\"og:site_name\" content=\"Association of Leadership in Nursing\" \/>\n<meta property=\"article:publisher\" content=\"https:\/\/www.facebook.com\/groups\/956807977762546\" \/>\n<meta property=\"article:published_time\" content=\"2024-01-06T22:52:56+00:00\" \/>\n<meta property=\"article:modified_time\" content=\"2024-01-07T22:47:30+00:00\" \/>\n<meta property=\"og:image\" content=\"https:\/\/helid.org.tr\/en\/wp-content\/uploads\/2024\/01\/49-scaled-2.jpg\" \/>\n\t<meta property=\"og:image:width\" content=\"2560\" \/>\n\t<meta property=\"og:image:height\" content=\"1700\" \/>\n\t<meta property=\"og:image:type\" content=\"image\/jpeg\" \/>\n<meta name=\"author\" content=\"Nursing Leadership Association\" \/>\n<meta name=\"twitter:card\" content=\"summary_large_image\" \/>\n<meta name=\"twitter:creator\" content=\"@liderhemsireler\" \/>\n<meta name=\"twitter:site\" content=\"@liderhemsireler\" \/>\n<meta name=\"twitter:label1\" content=\"Yazan:\" \/>\n\t<meta name=\"twitter:data1\" content=\"Nursing Leadership Association\" \/>\n<script type=\"application\/ld+json\" class=\"yoast-schema-graph\">{\"@context\":\"https:\/\/schema.org\",\"@graph\":[{\"@type\":\"Article\",\"@id\":\"https:\/\/helid.org.tr\/en\/?p=2621#article\",\"isPartOf\":{\"@id\":\"https:\/\/helid.org.tr\/en\/?p=2621\"},\"author\":{\"name\":\"Nursing Leadership Association\",\"@id\":\"https:\/\/helid.org.tr\/en\/#\/schema\/person\/17a2f6b38251807e456222d99b2f53bb\"},\"headline\":\"The Nursing Leadership Association &#8211; Speech by Prof. Dr. Elif G\u00dcRSOY at the rally held in Ankara An\u0131tpark\",\"datePublished\":\"2024-01-06T22:52:56+00:00\",\"dateModified\":\"2024-01-07T22:47:30+00:00\",\"mainEntityOfPage\":{\"@id\":\"https:\/\/helid.org.tr\/en\/?p=2621\"},\"wordCount\":24,\"publisher\":{\"@id\":\"https:\/\/helid.org.tr\/en\/#organization\"},\"image\":{\"@id\":\"https:\/\/helid.org.tr\/en\/?p=2621#primaryimage\"},\"thumbnailUrl\":\"https:\/\/helid.org.tr\/en\/wp-content\/uploads\/2024\/01\/49-scaled-2.jpg\",\"articleSection\":[\"Video Gallery\"],\"inLanguage\":\"tr\"},{\"@type\":\"WebPage\",\"@id\":\"https:\/\/helid.org.tr\/en\/?p=2621\",\"url\":\"https:\/\/helid.org.tr\/en\/?p=2621\",\"name\":\"The Nursing Leadership Association - Speech by Prof. Dr. Elif G\u00dcRSOY at the rally held in Ankara An\u0131tpark | Association of Leadership in Nursing\",\"isPartOf\":{\"@id\":\"https:\/\/helid.org.tr\/en\/#website\"},\"primaryImageOfPage\":{\"@id\":\"https:\/\/helid.org.tr\/en\/?p=2621#primaryimage\"},\"image\":{\"@id\":\"https:\/\/helid.org.tr\/en\/?p=2621#primaryimage\"},\"thumbnailUrl\":\"https:\/\/helid.org.tr\/en\/wp-content\/uploads\/2024\/01\/49-scaled-2.jpg\",\"datePublished\":\"2024-01-06T22:52:56+00:00\",\"dateModified\":\"2024-01-07T22:47:30+00:00\",\"breadcrumb\":{\"@id\":\"https:\/\/helid.org.tr\/en\/?p=2621#breadcrumb\"},\"inLanguage\":\"tr\",\"potentialAction\":[{\"@type\":\"ReadAction\",\"target\":[\"https:\/\/helid.org.tr\/en\/?p=2621\"]}]},{\"@type\":\"ImageObject\",\"inLanguage\":\"tr\",\"@id\":\"https:\/\/helid.org.tr\/en\/?p=2621#primaryimage\",\"url\":\"https:\/\/helid.org.tr\/en\/wp-content\/uploads\/2024\/01\/49-scaled-2.jpg\",\"contentUrl\":\"https:\/\/helid.org.tr\/en\/wp-content\/uploads\/2024\/01\/49-scaled-2.jpg\",\"width\":2560,\"height\":1700},{\"@type\":\"BreadcrumbList\",\"@id\":\"https:\/\/helid.org.tr\/en\/?p=2621#breadcrumb\",\"itemListElement\":[{\"@type\":\"ListItem\",\"position\":1,\"name\":\"Anasayfa\",\"item\":\"https:\/\/helid.org.tr\/en\"},{\"@type\":\"ListItem\",\"position\":2,\"name\":\"The Nursing Leadership Association &#8211; Speech by Prof. Dr. Elif G\u00dcRSOY at the rally held in Ankara An\u0131tpark\"}]},{\"@type\":\"WebSite\",\"@id\":\"https:\/\/helid.org.tr\/en\/#website\",\"url\":\"https:\/\/helid.org.tr\/en\/\",\"name\":\"Association of Leadership in Nursing\",\"description\":\"Take Action, Lead!\",\"publisher\":{\"@id\":\"https:\/\/helid.org.tr\/en\/#organization\"},\"potentialAction\":[{\"@type\":\"SearchAction\",\"target\":{\"@type\":\"EntryPoint\",\"urlTemplate\":\"https:\/\/helid.org.tr\/en\/?s={search_term_string}\"},\"query-input\":\"required name=search_term_string\"}],\"inLanguage\":\"tr\"},{\"@type\":\"Organization\",\"@id\":\"https:\/\/helid.org.tr\/en\/#organization\",\"name\":\"Association of Leadership in Nursing\",\"url\":\"https:\/\/helid.org.tr\/en\/\",\"logo\":{\"@type\":\"ImageObject\",\"inLanguage\":\"tr\",\"@id\":\"https:\/\/helid.org.tr\/en\/#\/schema\/logo\/image\/\",\"url\":\"https:\/\/helid.org.tr\/en\/wp-content\/uploads\/2024\/01\/logo-2.png\",\"contentUrl\":\"https:\/\/helid.org.tr\/en\/wp-content\/uploads\/2024\/01\/logo-2.png\",\"width\":912,\"height\":912,\"caption\":\"Association of Leadership in Nursing\"},\"image\":{\"@id\":\"https:\/\/helid.org.tr\/en\/#\/schema\/logo\/image\/\"},\"sameAs\":[\"https:\/\/www.facebook.com\/groups\/956807977762546\",\"https:\/\/twitter.com\/liderhemsireler\",\"https:\/\/www.instagram.com\/hemsirelikteliderlikdernegi\/\",\"https:\/\/www.linkedin.com\/in\/liderhemsireler\/\",\"https:\/\/www.youtube.com\/channel\/UCg0nLBZGsK60pvh9fslY58Q\"]},{\"@type\":\"Person\",\"@id\":\"https:\/\/helid.org.tr\/en\/#\/schema\/person\/17a2f6b38251807e456222d99b2f53bb\",\"name\":\"Nursing Leadership Association\",\"image\":{\"@type\":\"ImageObject\",\"inLanguage\":\"tr\",\"@id\":\"https:\/\/helid.org.tr\/en\/#\/schema\/person\/image\/\",\"url\":\"https:\/\/secure.gravatar.com\/avatar\/a6b2480068cffab69a1983df941acba86408758f764d0360e0f3e5fc3ee6d9cf?s=96&d=mm&r=g\",\"contentUrl\":\"https:\/\/secure.gravatar.com\/avatar\/a6b2480068cffab69a1983df941acba86408758f764d0360e0f3e5fc3ee6d9cf?s=96&d=mm&r=g\",\"caption\":\"Nursing Leadership Association\"},\"url\":\"https:\/\/helid.org.tr\/en\/?author=907\"}]}<\/script>\n<!-- \/ Yoast SEO plugin. -->","yoast_head_json":{"title":"The Nursing Leadership Association - Speech by Prof. Dr. Elif G\u00dcRSOY at the rally held in Ankara An\u0131tpark | Association of Leadership in Nursing","robots":{"index":"index","follow":"follow","max-snippet":"max-snippet:-1","max-image-preview":"max-image-preview:large","max-video-preview":"max-video-preview:-1"},"canonical":"https:\/\/helid.org.tr\/en\/?p=2621","og_locale":"tr_TR","og_type":"article","og_title":"The Nursing Leadership Association - Speech by Prof. Dr. Elif G\u00dcRSOY at the rally held in Ankara An\u0131tpark | Association of Leadership in Nursing","og_url":"https:\/\/helid.org.tr\/en\/?p=2621","og_site_name":"Association of Leadership in Nursing","article_publisher":"https:\/\/www.facebook.com\/groups\/956807977762546","article_published_time":"2024-01-06T22:52:56+00:00","article_modified_time":"2024-01-07T22:47:30+00:00","og_image":[{"width":2560,"height":1700,"url":"https:\/\/helid.org.tr\/en\/wp-content\/uploads\/2024\/01\/49-scaled-2.jpg","type":"image\/jpeg"}],"author":"Nursing Leadership Association","twitter_card":"summary_large_image","twitter_creator":"@liderhemsireler","twitter_site":"@liderhemsireler","twitter_misc":{"Yazan:":"Nursing Leadership Association"},"schema":{"@context":"https:\/\/schema.org","@graph":[{"@type":"Article","@id":"https:\/\/helid.org.tr\/en\/?p=2621#article","isPartOf":{"@id":"https:\/\/helid.org.tr\/en\/?p=2621"},"author":{"name":"Nursing Leadership Association","@id":"https:\/\/helid.org.tr\/en\/#\/schema\/person\/17a2f6b38251807e456222d99b2f53bb"},"headline":"The Nursing Leadership Association &#8211; Speech by Prof. Dr. Elif G\u00dcRSOY at the rally held in Ankara An\u0131tpark","datePublished":"2024-01-06T22:52:56+00:00","dateModified":"2024-01-07T22:47:30+00:00","mainEntityOfPage":{"@id":"https:\/\/helid.org.tr\/en\/?p=2621"},"wordCount":24,"publisher":{"@id":"https:\/\/helid.org.tr\/en\/#organization"},"image":{"@id":"https:\/\/helid.org.tr\/en\/?p=2621#primaryimage"},"thumbnailUrl":"https:\/\/helid.org.tr\/en\/wp-content\/uploads\/2024\/01\/49-scaled-2.jpg","articleSection":["Video Gallery"],"inLanguage":"tr"},{"@type":"WebPage","@id":"https:\/\/helid.org.tr\/en\/?p=2621","url":"https:\/\/helid.org.tr\/en\/?p=2621","name":"The Nursing Leadership Association - Speech by Prof. Dr. Elif G\u00dcRSOY at the rally held in Ankara An\u0131tpark | Association of Leadership in Nursing","isPartOf":{"@id":"https:\/\/helid.org.tr\/en\/#website"},"primaryImageOfPage":{"@id":"https:\/\/helid.org.tr\/en\/?p=2621#primaryimage"},"image":{"@id":"https:\/\/helid.org.tr\/en\/?p=2621#primaryimage"},"thumbnailUrl":"https:\/\/helid.org.tr\/en\/wp-content\/uploads\/2024\/01\/49-scaled-2.jpg","datePublished":"2024-01-06T22:52:56+00:00","dateModified":"2024-01-07T22:47:30+00:00","breadcrumb":{"@id":"https:\/\/helid.org.tr\/en\/?p=2621#breadcrumb"},"inLanguage":"tr","potentialAction":[{"@type":"ReadAction","target":["https:\/\/helid.org.tr\/en\/?p=2621"]}]},{"@type":"ImageObject","inLanguage":"tr","@id":"https:\/\/helid.org.tr\/en\/?p=2621#primaryimage","url":"https:\/\/helid.org.tr\/en\/wp-content\/uploads\/2024\/01\/49-scaled-2.jpg","contentUrl":"https:\/\/helid.org.tr\/en\/wp-content\/uploads\/2024\/01\/49-scaled-2.jpg","width":2560,"height":1700},{"@type":"BreadcrumbList","@id":"https:\/\/helid.org.tr\/en\/?p=2621#breadcrumb","itemListElement":[{"@type":"ListItem","position":1,"name":"Anasayfa","item":"https:\/\/helid.org.tr\/en"},{"@type":"ListItem","position":2,"name":"The Nursing Leadership Association &#8211; Speech by Prof. Dr. Elif G\u00dcRSOY at the rally held in Ankara An\u0131tpark"}]},{"@type":"WebSite","@id":"https:\/\/helid.org.tr\/en\/#website","url":"https:\/\/helid.org.tr\/en\/","name":"Association of Leadership in Nursing","description":"Take Action, Lead!","publisher":{"@id":"https:\/\/helid.org.tr\/en\/#organization"},"potentialAction":[{"@type":"SearchAction","target":{"@type":"EntryPoint","urlTemplate":"https:\/\/helid.org.tr\/en\/?s={search_term_string}"},"query-input":"required name=search_term_string"}],"inLanguage":"tr"},{"@type":"Organization","@id":"https:\/\/helid.org.tr\/en\/#organization","name":"Association of Leadership in Nursing","url":"https:\/\/helid.org.tr\/en\/","logo":{"@type":"ImageObject","inLanguage":"tr","@id":"https:\/\/helid.org.tr\/en\/#\/schema\/logo\/image\/","url":"https:\/\/helid.org.tr\/en\/wp-content\/uploads\/2024\/01\/logo-2.png","contentUrl":"https:\/\/helid.org.tr\/en\/wp-content\/uploads\/2024\/01\/logo-2.png","width":912,"height":912,"caption":"Association of Leadership in Nursing"},"image":{"@id":"https:\/\/helid.org.tr\/en\/#\/schema\/logo\/image\/"},"sameAs":["https:\/\/www.facebook.com\/groups\/956807977762546","https:\/\/twitter.com\/liderhemsireler","https:\/\/www.instagram.com\/hemsirelikteliderlikdernegi\/","https:\/\/www.linkedin.com\/in\/liderhemsireler\/","https:\/\/www.youtube.com\/channel\/UCg0nLBZGsK60pvh9fslY58Q"]},{"@type":"Person","@id":"https:\/\/helid.org.tr\/en\/#\/schema\/person\/17a2f6b38251807e456222d99b2f53bb","name":"Nursing Leadership Association","image":{"@type":"ImageObject","inLanguage":"tr","@id":"https:\/\/helid.org.tr\/en\/#\/schema\/person\/image\/","url":"https:\/\/secure.gravatar.com\/avatar\/a6b2480068cffab69a1983df941acba86408758f764d0360e0f3e5fc3ee6d9cf?s=96&d=mm&r=g","contentUrl":"https:\/\/secure.gravatar.com\/avatar\/a6b2480068cffab69a1983df941acba86408758f764d0360e0f3e5fc3ee6d9cf?s=96&d=mm&r=g","caption":"Nursing Leadership Association"},"url":"https:\/\/helid.org.tr\/en\/?author=907"}]}},"_links":{"self":[{"href":"https:\/\/helid.org.tr\/en\/index.php?rest_route=\/wp\/v2\/posts\/2621","targetHints":{"allow":["GET"]}}],"collection":[{"href":"https:\/\/helid.org.tr\/en\/index.php?rest_route=\/wp\/v2\/posts"}],"about":[{"href":"https:\/\/helid.org.tr\/en\/index.php?rest_route=\/wp\/v2\/types\/post"}],"author":[{"embeddable":true,"href":"https:\/\/helid.org.tr\/en\/index.php?rest_route=\/wp\/v2\/users\/907"}],"replies":[{"embeddable":true,"href":"https:\/\/helid.org.tr\/en\/index.php?rest_route=%2Fwp%2Fv2%2Fcomments&post=2621"}],"version-history":[{"count":1,"href":"https:\/\/helid.org.tr\/en\/index.php?rest_route=\/wp\/v2\/posts\/2621\/revisions"}],"predecessor-version":[{"id":2654,"href":"https:\/\/helid.org.tr\/en\/index.php?rest_route=\/wp\/v2\/posts\/2621\/revisions\/2654"}],"wp:featuredmedia":[{"embeddable":true,"href":"https:\/\/helid.org.tr\/en\/index.php?rest_route=\/wp\/v2\/media\/2628"}],"wp:attachment":[{"href":"https:\/\/helid.org.tr\/en\/index.php?rest_route=%2Fwp%2Fv2%2Fmedia&parent=2621"}],"wp:term":[{"taxonomy":"category","embeddable":true,"href":"https:\/\/helid.org.tr\/en\/index.php?rest_route=%2Fwp%2Fv2%2Fcategories&post=2621"},{"taxonomy":"post_tag","embeddable":true,"href":"https:\/\/helid.org.tr\/en\/index.php?rest_route=%2Fwp%2Fv2%2Ftags&post=2621"}],"curies":[{"name":"wp","href":"https:\/\/api.w.org\/{rel}","templated":true}]}}